{"id":412,"date":"2023-11-07T10:38:36","date_gmt":"2023-11-07T09:38:36","guid":{"rendered":"https:\/\/notabeneconseil.fr\/?p=412"},"modified":"2023-11-07T10:38:36","modified_gmt":"2023-11-07T09:38:36","slug":"anthropologie-et-ethique-du-soin","status":"publish","type":"post","link":"https:\/\/notabeneconseil.fr\/index.php\/2023\/11\/07\/anthropologie-et-ethique-du-soin\/","title":{"rendered":"Anthropologie et Ethique du soin"},"content":{"rendered":"\n<p style=\"font-weight: 400;\"><strong>Catherine Le Grand-S\u00e9bille, socio-anthropologue de la sant\u00e9, a \u00e9t\u00e9 ma\u00eetre de conf\u00e9rences en facult\u00e9 de m\u00e9decine, et travaille depuis pr\u00e8s de 30 ans en anthropologie et \u00e9thique du soin.<\/strong><\/p>\n<p style=\"font-weight: 400;\">Elle a une bonne connaissance des milieux hospitaliers, m\u00e9dico-sociaux et fun\u00e9raires, et a men\u00e9 de nombreuses \u00e9tudes qualitatives.\u00a0<\/p>\n<p style=\"font-weight: 400;\">Elle est membre du Conseil scientifique de l\u2019Initiative Nationale \u00ab [Re]Penser ensemble la d\u00e9mocratie sanitaire \u00bb, Espace de R\u00e9flexion \u00c9thique de la r\u00e9gion Ile-de-France\u00a0; et du Comit\u00e9 de Liaison du R\u00e9seau d\u2019\u00e9tudes international sur l\u2019\u00e2ge, la citoyennet\u00e9 et l\u2019int\u00e9gration socio-\u00e9conomique (REIACTIS)<\/p>\n<p>\u00a0<\/p>\n<p>Programme de formation disponible<\/p>\n<p style=\"font-weight: 400;\"><strong><u>Formation N\u00b01<\/u><\/strong><\/p>\n<p style=\"font-weight: 400;\"><strong>\u00ab Porter attention aux conditions du mourir et au deuil.<\/strong><\/p>\n<p style=\"font-weight: 400;\"><strong>Un beau projet \u00bb<\/strong><\/p>\n<p>\u00a0<\/p>\n<p style=\"font-weight: 400;\"><strong><u>Formation N\u00b02<\/u><\/strong><\/p>\n<p style=\"font-weight: 400;\"><strong>Diversit\u00e9 culturelle et pudeur au sein des \u00e9tablissements<\/strong><\/p>\n<p>\u00a0<\/p>\n<p style=\"font-weight: 400;\"><strong><u>Formation N\u00b03<\/u><\/strong><\/p>\n<p style=\"font-weight: 400;\"><strong>\u00c9thique et confidentialit<\/strong><strong>\u00c9<\/strong><\/p>\n<p style=\"font-weight: 400;\">\u00a0<\/p>\n<p style=\"font-weight: 400;\"><strong><u>Formation N\u00b04<\/u><\/strong><\/p>\n<p style=\"font-weight: 400;\"><strong>\u00ab\u00a0VALORISER L\u2019ATTENTION \u00c0 LA SENSORIALIT\u00c9 DES PERSONNES ACCOMPAGN\u00c9ES.<\/strong><\/p>\n<p style=\"font-weight: 400;\"><strong>Pratiques alimentaires et vestimentaires en institution\u00a0\u00bb<\/strong><\/p>\n<p>\u00a0<\/p>\n<p style=\"font-weight: 400;\"><strong><u>Formation N\u00b05<\/u><\/strong><\/p>\n<p style=\"font-weight: 400;\"><strong>Parle-t-on tous la m\u00eame langue en institution ? Ce que pouvoir parler veut dire dans un collectif de travail. Approche socio-anthropologique<\/strong><\/p>\n","protected":false},"excerpt":{"rendered":"<p>Catherine Le Grand-S\u00e9bille, socio-anthropologue de la sant\u00e9, a \u00e9t\u00e9 ma\u00eetre de conf\u00e9rences en facult\u00e9 de m\u00e9decine, et travaille depuis pr\u00e8s de 30 ans en anthropologie et \u00e9thique du soin. Elle a une bonne connaissance des milieux hospitaliers, m\u00e9dico-sociaux et fun\u00e9raires, et a men\u00e9 de nombreuses \u00e9tudes qualitatives.\u00a0 Elle est membre du Conseil scientifique de l\u2019Initiative [&hellip;]<\/p>\n","protected":false},"author":2,"featured_media":0,"comment_status":"closed","ping_status":"","sticky":false,"template":"","format":"standard","meta":{"footnotes":""},"categories":[1],"tags":[],"_links":{"self":[{"href":"https:\/\/notabeneconseil.fr\/index.php\/wp-json\/wp\/v2\/posts\/412"}],"collection":[{"href":"https:\/\/notabeneconseil.fr\/index.php\/wp-json\/wp\/v2\/posts"}],"about":[{"href":"https:\/\/notabeneconseil.fr\/index.php\/wp-json\/wp\/v2\/types\/post"}],"author":[{"embeddable":true,"href":"https:\/\/notabeneconseil.fr\/index.php\/wp-json\/wp\/v2\/users\/2"}],"replies":[{"embeddable":true,"href":"https:\/\/notabeneconseil.fr\/index.php\/wp-json\/wp\/v2\/comments?post=412"}],"version-history":[{"count":1,"href":"https:\/\/notabeneconseil.fr\/index.php\/wp-json\/wp\/v2\/posts\/412\/revisions"}],"predecessor-version":[{"id":413,"href":"https:\/\/notabeneconseil.fr\/index.php\/wp-json\/wp\/v2\/posts\/412\/revisions\/413"}],"wp:attachment":[{"href":"https:\/\/notabeneconseil.fr\/index.php\/wp-json\/wp\/v2\/media?parent=412"}],"wp:term":[{"taxonomy":"category","embeddable":true,"href":"https:\/\/notabeneconseil.fr\/index.php\/wp-json\/wp\/v2\/categories?post=412"},{"taxonomy":"post_tag","embeddable":true,"href":"https:\/\/notabeneconseil.fr\/index.php\/wp-json\/wp\/v2\/tags?post=412"}],"curies":[{"name":"wp","href":"https:\/\/api.w.org\/{rel}","templated":true}]}}